{"id":796,"date":"2025-04-17T10:13:23","date_gmt":"2025-04-17T08:13:23","guid":{"rendered":"https:\/\/hubert-audriaz.ch\/?p=796"},"modified":"2025-04-17T10:29:57","modified_gmt":"2025-04-17T08:29:57","slug":"le-miroir-enchante","status":"publish","type":"post","link":"http:\/\/hubert-audriaz.ch\/index.php\/2025\/04\/17\/le-miroir-enchante\/","title":{"rendered":"Le miroir enchant\u00e9 du 21 au 27 avril 2025 \u00e0 la ferme du Grabensaal"},"content":{"rendered":"\t\t<div data-elementor-type=\"wp-post\" data-elementor-id=\"796\" class=\"elementor elementor-796\" data-elementor-post-type=\"post\">\n\t\t\t\t<div class=\"elementor-element elementor-element-b15e1d3 e-flex e-con-boxed e-con e-parent\" data-id=\"b15e1d3\" data-element_type=\"container\">\n\t\t\t\t\t<div class=\"e-con-inner\">\n\t\t\t\t<div class=\"elementor-element elementor-element-b067019 elementor-widget elementor-widget-text-editor\" data-id=\"b067019\" data-element_type=\"widget\" data-widget_type=\"text-editor.default\">\n\t\t\t\t<div class=\"elementor-widget-container\">\n\t\t\t\t\t\t\t\t\t<p class=\"\" data-start=\"147\" data-end=\"467\"><strong>Du 21 au 27 avril 2025<\/strong>, la ferme du Grabensaal se transforme en univers f\u00e9erique avec <em data-start=\"233\" data-end=\"253\">Le miroir enchant\u00e9<\/em>, une cr\u00e9ation po\u00e9tique sign\u00e9e Hubert Audriaz. Chaque soir de <strong>19h00 \u00e0 21h00<\/strong>, petits et grands sont invit\u00e9s \u00e0 d\u00e9couvrir un parcours gratuit et ouvert \u00e0 tous, plong\u00e9 dans une ambiance printani\u00e8re pleine de surprises.<\/p><p class=\"\" data-start=\"469\" data-end=\"639\">Et pour les plus curieux, ne manquez pas la <strong>chasse aux lapins<\/strong>, organis\u00e9e les <strong>21, 24 et 26 avril \u00e0 20h00<\/strong> \u2014 pensez \u00e0 prendre votre lampe de poche pour partir \u00e0 l\u2019aventure !<\/p><p class=\"\" data-start=\"641\" data-end=\"764\">Un \u00e9v\u00e9nement magique soutenu par la Ville de Fribourg, Fribourg Tourisme, et plusieurs partenaires locaux. \u00c0 ne pas rater !<\/p>\t\t\t\t\t\t\t\t<\/div>\n\t\t\t\t<\/div>\n\t\t\t\t\t<\/div>\n\t\t\t\t<\/div>\n\t\t<div class=\"elementor-element elementor-element-c82f7c5 e-flex e-con-boxed e-con e-parent\" data-id=\"c82f7c5\" data-element_type=\"container\">\n\t\t\t\t\t<div class=\"e-con-inner\">\n\t\t\t\t<div class=\"elementor-element elementor-element-eb7e471 elementor-widget-divider--view-line elementor-widget elementor-widget-divider\" data-id=\"eb7e471\" data-element_type=\"widget\" data-widget_type=\"divider.default\">\n\t\t\t\t<div class=\"elementor-widget-container\">\n\t\t\t\t\t\t\t<div class=\"elementor-divider\">\n\t\t\t<span class=\"elementor-divider-separator\">\n\t\t\t\t\t\t<\/span>\n\t\t<\/div>\n\t\t\t\t\t\t<\/div>\n\t\t\t\t<\/div>\n\t\t\t\t\t<\/div>\n\t\t\t\t<\/div>\n\t\t\t\t<\/div>\n\t\t","protected":false},"excerpt":{"rendered":"<p>Une balade f\u00e9erique pour petits et grands au c\u0153ur du printemps fribourgeois.<\/p>\n","protected":false},"author":1,"featured_media":798,"comment_status":"open","ping_status":"open","sticky":false,"template":"","format":"standard","meta":{"footnotes":""},"categories":[8],"tags":[],"class_list":["post-796","post","type-post","status-publish","format-standard","has-post-thumbnail","hentry","category-blog"],"_links":{"self":[{"href":"http:\/\/hubert-audriaz.ch\/index.php\/wp-json\/wp\/v2\/posts\/796","targetHints":{"allow":["GET"]}}],"collection":[{"href":"http:\/\/hubert-audriaz.ch\/index.php\/wp-json\/wp\/v2\/posts"}],"about":[{"href":"http:\/\/hubert-audriaz.ch\/index.php\/wp-json\/wp\/v2\/types\/post"}],"author":[{"embeddable":true,"href":"http:\/\/hubert-audriaz.ch\/index.php\/wp-json\/wp\/v2\/users\/1"}],"replies":[{"embeddable":true,"href":"http:\/\/hubert-audriaz.ch\/index.php\/wp-json\/wp\/v2\/comments?post=796"}],"version-history":[{"count":10,"href":"http:\/\/hubert-audriaz.ch\/index.php\/wp-json\/wp\/v2\/posts\/796\/revisions"}],"predecessor-version":[{"id":810,"href":"http:\/\/hubert-audriaz.ch\/index.php\/wp-json\/wp\/v2\/posts\/796\/revisions\/810"}],"wp:featuredmedia":[{"embeddable":true,"href":"http:\/\/hubert-audriaz.ch\/index.php\/wp-json\/wp\/v2\/media\/798"}],"wp:attachment":[{"href":"http:\/\/hubert-audriaz.ch\/index.php\/wp-json\/wp\/v2\/media?parent=796"}],"wp:term":[{"taxonomy":"category","embeddable":true,"href":"http:\/\/hubert-audriaz.ch\/index.php\/wp-json\/wp\/v2\/categories?post=796"},{"taxonomy":"post_tag","embeddable":true,"href":"http:\/\/hubert-audriaz.ch\/index.php\/wp-json\/wp\/v2\/tags?post=796"}],"curies":[{"name":"wp","href":"https:\/\/api.w.org\/{rel}","templated":true}]}}