{"id":653,"date":"2025-06-11T09:00:55","date_gmt":"2025-06-11T07:00:55","guid":{"rendered":"https:\/\/audriaz-hubert.ch\/?p=653"},"modified":"2025-09-29T11:05:22","modified_gmt":"2025-09-29T09:05:22","slug":"les-ateliers-creatifs-du-07-juillet-au-1er-aout","status":"publish","type":"post","link":"http:\/\/hubert-audriaz.ch\/index.php\/2025\/06\/11\/les-ateliers-creatifs-du-07-juillet-au-1er-aout\/","title":{"rendered":"Les Ateliers cr\u00e9atifs du 07 au 31 juillet 2025"},"content":{"rendered":"\t\t<div data-elementor-type=\"wp-post\" data-elementor-id=\"653\" class=\"elementor elementor-653\" data-elementor-post-type=\"post\">\n\t\t\t\t<div class=\"elementor-element elementor-element-14ac6d9 e-flex e-con-boxed e-con e-parent\" data-id=\"14ac6d9\" data-element_type=\"container\">\n\t\t\t\t\t<div class=\"e-con-inner\">\n\t\t\t\t<div class=\"elementor-element elementor-element-8bb62b5 elementor-widget elementor-widget-text-editor\" data-id=\"8bb62b5\" data-element_type=\"widget\" data-widget_type=\"text-editor.default\">\n\t\t\t\t<div class=\"elementor-widget-container\">\n\t\t\t\t\t\t\t\t\t<section><p>Les Ateliers de Cr\u00e9ativit\u00e9 Hubert Audriaz organiseront, tout au long de juillet et jusqu&rsquo;au d\u00e9but d&rsquo;ao\u00fbt, des activit\u00e9s quotidiennes pour accompagner les parents qui travaillent et offrir aux enfants des moments de loisir et de convivialit\u00e9 pendant leurs vacances.<\/p><p>Entre le 07 et le 31 juillet, une trentaine d&rsquo;enfants seront accueillis chaque jour au Grabensaal les apr\u00e8s-midis ! La participation est gratuite pour les enfants de 6 \u00e0 12 ans.<\/p><p>Les inscriptions sont obligatoires. Vous pouvez vous inscrire aupr\u00e8s de Fribourg Tourisme ou au 026 350 11 11.<\/p><\/section>\t\t\t\t\t\t\t\t<\/div>\n\t\t\t\t<\/div>\n\t\t\t\t\t<\/div>\n\t\t\t\t<\/div>\n\t\t<div class=\"elementor-element elementor-element-14459f0 e-flex e-con-boxed e-con e-parent\" data-id=\"14459f0\" data-element_type=\"container\">\n\t\t\t\t\t<div class=\"e-con-inner\">\n\t\t\t\t<div class=\"elementor-element elementor-element-0d14e98 elementor-widget elementor-widget-image\" data-id=\"0d14e98\" data-element_type=\"widget\" data-widget_type=\"image.default\">\n\t\t\t\t<div class=\"elementor-widget-container\">\n\t\t\t\t\t\t\t\t\t\t\t\t\t\t\t<img fetchpriority=\"high\" decoding=\"async\" width=\"724\" height=\"1024\" src=\"http:\/\/hubert-audriaz.ch\/wp-content\/uploads\/2025\/06\/Ateliers-creatifs-2025_Page_1-724x1024.jpg\" class=\"attachment-large size-large wp-image-814\" alt=\"\" srcset=\"http:\/\/hubert-audriaz.ch\/wp-content\/uploads\/2025\/06\/Ateliers-creatifs-2025_Page_1-724x1024.jpg 724w, http:\/\/hubert-audriaz.ch\/wp-content\/uploads\/2025\/06\/Ateliers-creatifs-2025_Page_1-212x300.jpg 212w, http:\/\/hubert-audriaz.ch\/wp-content\/uploads\/2025\/06\/Ateliers-creatifs-2025_Page_1-768x1086.jpg 768w, http:\/\/hubert-audriaz.ch\/wp-content\/uploads\/2025\/06\/Ateliers-creatifs-2025_Page_1-1086x1536.jpg 1086w, http:\/\/hubert-audriaz.ch\/wp-content\/uploads\/2025\/06\/Ateliers-creatifs-2025_Page_1-1448x2048.jpg 1448w, http:\/\/hubert-audriaz.ch\/wp-content\/uploads\/2025\/06\/Ateliers-creatifs-2025_Page_1-scaled.jpg 1810w\" sizes=\"(max-width: 724px) 100vw, 724px\" \/>\t\t\t\t\t\t\t\t\t\t\t\t\t\t\t<\/div>\n\t\t\t\t<\/div>\n\t\t\t\t\t<\/div>\n\t\t\t\t<\/div>\n\t\t<div class=\"elementor-element elementor-element-d1b6115 e-flex e-con-boxed e-con e-parent\" data-id=\"d1b6115\" data-element_type=\"container\">\n\t\t\t\t\t<div class=\"e-con-inner\">\n\t\t\t\t<div class=\"elementor-element elementor-element-75a4001 elementor-widget elementor-widget-image\" data-id=\"75a4001\" data-element_type=\"widget\" data-widget_type=\"image.default\">\n\t\t\t\t<div class=\"elementor-widget-container\">\n\t\t\t\t\t\t\t\t\t\t\t\t\t\t\t<img decoding=\"async\" width=\"724\" height=\"1024\" src=\"http:\/\/hubert-audriaz.ch\/wp-content\/uploads\/2025\/06\/Ateliers-creatifs-2025_Page_2-724x1024.jpg\" class=\"attachment-large size-large wp-image-815\" alt=\"\" srcset=\"http:\/\/hubert-audriaz.ch\/wp-content\/uploads\/2025\/06\/Ateliers-creatifs-2025_Page_2-724x1024.jpg 724w, http:\/\/hubert-audriaz.ch\/wp-content\/uploads\/2025\/06\/Ateliers-creatifs-2025_Page_2-212x300.jpg 212w, http:\/\/hubert-audriaz.ch\/wp-content\/uploads\/2025\/06\/Ateliers-creatifs-2025_Page_2-768x1086.jpg 768w, http:\/\/hubert-audriaz.ch\/wp-content\/uploads\/2025\/06\/Ateliers-creatifs-2025_Page_2-1086x1536.jpg 1086w, http:\/\/hubert-audriaz.ch\/wp-content\/uploads\/2025\/06\/Ateliers-creatifs-2025_Page_2-1448x2048.jpg 1448w, http:\/\/hubert-audriaz.ch\/wp-content\/uploads\/2025\/06\/Ateliers-creatifs-2025_Page_2-scaled.jpg 1810w\" sizes=\"(max-width: 724px) 100vw, 724px\" \/>\t\t\t\t\t\t\t\t\t\t\t\t\t\t\t<\/div>\n\t\t\t\t<\/div>\n\t\t\t\t\t<\/div>\n\t\t\t\t<\/div>\n\t\t\t\t<\/div>\n\t\t","protected":false},"excerpt":{"rendered":"<p>\u00ab Les Ateliers Cr\u00e9atifs \u00bb proposeront une activit\u00e9 quotidienne pour soutenir les parents qui travaillent.<\/p>\n","protected":false},"author":1,"featured_media":708,"comment_status":"open","ping_status":"open","sticky":false,"template":"","format":"standard","meta":{"footnotes":""},"categories":[8],"tags":[],"class_list":["post-653","post","type-post","status-publish","format-standard","has-post-thumbnail","hentry","category-blog"],"_links":{"self":[{"href":"http:\/\/hubert-audriaz.ch\/index.php\/wp-json\/wp\/v2\/posts\/653","targetHints":{"allow":["GET"]}}],"collection":[{"href":"http:\/\/hubert-audriaz.ch\/index.php\/wp-json\/wp\/v2\/posts"}],"about":[{"href":"http:\/\/hubert-audriaz.ch\/index.php\/wp-json\/wp\/v2\/types\/post"}],"author":[{"embeddable":true,"href":"http:\/\/hubert-audriaz.ch\/index.php\/wp-json\/wp\/v2\/users\/1"}],"replies":[{"embeddable":true,"href":"http:\/\/hubert-audriaz.ch\/index.php\/wp-json\/wp\/v2\/comments?post=653"}],"version-history":[{"count":18,"href":"http:\/\/hubert-audriaz.ch\/index.php\/wp-json\/wp\/v2\/posts\/653\/revisions"}],"predecessor-version":[{"id":832,"href":"http:\/\/hubert-audriaz.ch\/index.php\/wp-json\/wp\/v2\/posts\/653\/revisions\/832"}],"wp:featuredmedia":[{"embeddable":true,"href":"http:\/\/hubert-audriaz.ch\/index.php\/wp-json\/wp\/v2\/media\/708"}],"wp:attachment":[{"href":"http:\/\/hubert-audriaz.ch\/index.php\/wp-json\/wp\/v2\/media?parent=653"}],"wp:term":[{"taxonomy":"category","embeddable":true,"href":"http:\/\/hubert-audriaz.ch\/index.php\/wp-json\/wp\/v2\/categories?post=653"},{"taxonomy":"post_tag","embeddable":true,"href":"http:\/\/hubert-audriaz.ch\/index.php\/wp-json\/wp\/v2\/tags?post=653"}],"curies":[{"name":"wp","href":"https:\/\/api.w.org\/{rel}","templated":true}]}}